{"id":1895,"date":"2024-10-19T09:22:23","date_gmt":"2024-10-19T09:22:23","guid":{"rendered":"https:\/\/codacons.emiliaromagna.it\/?p=1895"},"modified":"2024-10-21T09:24:24","modified_gmt":"2024-10-21T09:24:24","slug":"consulta-del-verde-del-comune-di-bologna-qualcosa-non-funziona","status":"publish","type":"post","link":"https:\/\/codacons.emiliaromagna.it\/?p=1895","title":{"rendered":"Consulta del Verde del Comune di Bologna: qualcosa non funziona"},"content":{"rendered":"<p>Ieri pomeriggio si \u00e8 tenuta la prima assemblea della Consulta, dopo le dimissioni intervenute a luglio da parte della Dott.ssa lacopetta da ruolo di Presidente.<\/p>\n<p>Il bilancio, a distanza di due anni dalla sua istituzione, \u00e8 a dir poco sconfortante. Delle 46 associazioni che avevano partecipato alla prima riunione - gran parte delle quali, tra l\u2019altro, ben poco avevano a che fare con la tutela del verde e di cui un cospicuo numero non ha mai partecipato ai lavori della consulta - sono solo 23 le associazioni che ieri sera erano presenti all\u2019assemblea. Peraltro, di tali 23 associazioni regolarmente presenti, in 11 si sono rifiutate di partecipare al voto di nomina del nuovo Presidente, mentre 3 si sono astenute.<\/p>\n<p>All\u2019esito di tale votazione, \u00e8 stato eletto Presidente della Consulta del Verde del Comune di Bologna il Sig. Giandomenico Fortino (dell\u2019associazione Casaralta) con i voti favorevoli di sole 10 associazioni, rappresentanti la minoranza di ci\u00f2 che resta della consulta. Di fatto, il Presidente della Commissione comunale, dott. Naldi, in qualit\u00e0 di Presidente della riunione, si \u00e8 rifiutato di applicare la clausola di decadenza automatica prevista dall\u2019art. 3 del regolamento interno della Consulta, ai sensi del quale \u00e8 prevista la decadenza dello <em>status<\/em> di membro della Consulta, per quelle associazioni che non partecipano ai suoi lavori per pi\u00f9 di tre volte consecutive.<\/p>\n<p>Una interpretazione del regolamento - quella di Naldi e dell\u2019ufficio legale del Comune - semplicemente assurda, in base alla quale si attribuisce la possibilit\u00e0 alle oltre 22 associazioni cronicamente assenteiste (pertanto da regolamento da dichiararsi decadute) che sono presenti solo in occasione di votazioni di rilevanza, di decidere per se stesse l\u2019effettiva applicazione del regolamento della Consulta o meno.<\/p>\n<p>Il Codacons, nella sua qualit\u00e0 di socio fondatore della Consulta, ha deciso provocatoriamente di auto-espellersi ovvero auto-decadere dalla stessa ancora prima del voto di ieri sera, ritenendo illegittima ed in ogni caso paradossale la riunione. Il fine di tale azione risiede nella volont\u00e0 di accendere un faro su questa situazione.<\/p>\n<p class=\"Style12\" style=\"margin-bottom: 21.0pt; text-align: justify;\"><span class=\"CharStyle13\">Ora, con un Presidente privo dell\u2019appoggio della maggioranza delle associazioni e di un socio fondatore della Consulta che ne contesta la legittimit\u00e0 dell\u2019elezione, \u00e8 del tutto evidente che si dovr\u00e0 porre mano alle modalit\u00e0 di funzionamento di un organo istituzionale in cui la maggioranza dei partecipanti contestano - rifiutandosi di votare - l\u2019illegittima elezione del Presidente.<\/span><\/p>\n<p class=\"Style12\" style=\"margin-bottom: .0001pt; text-align: right; line-height: normal;\" align=\"right\"><span class=\"CharStyle13\">Presidente Codacons Emilia-Romagna e Vicepresidente Nazionale Codacons<\/span><\/p>\n<h1 class=\"Style12\" style=\"margin-bottom: .0001pt; text-align: right; line-height: normal;\" align=\"right\"><strong><span class=\"CharStyle13\">Avv. Bruno Barbieri<\/span><\/strong><\/h1>\n","protected":false},"excerpt":{"rendered":"<p>Ieri pomeriggio si \u00e8 tenuta la prima assemblea della Consulta, dopo le dimissioni intervenute a luglio da parte della Dott.ssa lacopetta da ruolo di Presidente. Il bilancio, a distanza di due anni dalla sua istituzione, \u00e8 a dir poco sconfortante. Delle 46 associazioni che avevano partecipato alla prima riunione - gran parte delle quali, tra [&hellip;]<\/p>\n","protected":false},"author":4,"featured_media":1071,"comment_status":"closed","ping_status":"closed","sticky":false,"template":"","format":"standard","meta":[],"categories":[2,4,5],"tags":[],"_links":{"self":[{"href":"https:\/\/codacons.emiliaromagna.it\/index.php?rest_route=\/wp\/v2\/posts\/1895"}],"collection":[{"href":"https:\/\/codacons.emiliaromagna.it\/index.php?rest_route=\/wp\/v2\/posts"}],"about":[{"href":"https:\/\/codacons.emiliaromagna.it\/index.php?rest_route=\/wp\/v2\/types\/post"}],"author":[{"embeddable":true,"href":"https:\/\/codacons.emiliaromagna.it\/index.php?rest_route=\/wp\/v2\/users\/4"}],"replies":[{"embeddable":true,"href":"https:\/\/codacons.emiliaromagna.it\/index.php?rest_route=%2Fwp%2Fv2%2Fcomments&post=1895"}],"version-history":[{"count":1,"href":"https:\/\/codacons.emiliaromagna.it\/index.php?rest_route=\/wp\/v2\/posts\/1895\/revisions"}],"predecessor-version":[{"id":1896,"href":"https:\/\/codacons.emiliaromagna.it\/index.php?rest_route=\/wp\/v2\/posts\/1895\/revisions\/1896"}],"wp:featuredmedia":[{"embeddable":true,"href":"https:\/\/codacons.emiliaromagna.it\/index.php?rest_route=\/wp\/v2\/media\/1071"}],"wp:attachment":[{"href":"https:\/\/codacons.emiliaromagna.it\/index.php?rest_route=%2Fwp%2Fv2%2Fmedia&parent=1895"}],"wp:term":[{"taxonomy":"category","embeddable":true,"href":"https:\/\/codacons.emiliaromagna.it\/index.php?rest_route=%2Fwp%2Fv2%2Fcategories&post=1895"},{"taxonomy":"post_tag","embeddable":true,"href":"https:\/\/codacons.emiliaromagna.it\/index.php?rest_route=%2Fwp%2Fv2%2Ftags&post=1895"}],"curies":[{"name":"wp","href":"https:\/\/api.w.org\/{rel}","templated":true}]}}