{"id":1835,"date":"2024-02-01T11:07:54","date_gmt":"2024-02-01T11:07:54","guid":{"rendered":"https:\/\/codacons.emiliaromagna.it\/?p=1835"},"modified":"2024-02-06T11:09:16","modified_gmt":"2024-02-06T11:09:16","slug":"anche-il-codacons-si-unisce-allappello-di-wwf-e-lega-ambiente-e-chiede-al-sindaco-di-zola-predosa-di-trovare-una-soluzione-per-evitare-labbattimento-degli-alberi-secolari-sopra-via-b","status":"publish","type":"post","link":"https:\/\/codacons.emiliaromagna.it\/?p=1835","title":{"rendered":"ANCHE IL CODACONS SI UNISCE ALL\u2019APPELLO DI WWF E LEGA AMBIENTE E CHIEDE AL SINDACO DI ZOLA PREDOSA DI TROVARE UNA SOLUZIONE PER EVITARE L\u2019ABBATTIMENTO DEGLI ALBERI SECOLARI SOPRA VIA BERLINGUER NELLA FRAZIONE DI RIALE"},"content":{"rendered":"<p><strong>ZOLA PREDOSA 01 FEBBRAIO 2024 <\/strong><\/p>\n<p><strong>COMUNCATO STAMPA<\/strong><\/p>\n<p><strong>ANCHE IL CODACONS SI UNISCE ALL\u2019APPELLO DI WWF E LEGA AMBIENTE E CHIEDE AL SINDACO DI ZOLA PREDOSA DI TROVARE UNA SOLUZIONE PER EVITARE L\u2019ABBATTIMENTO DEGLI ALBERI SECOLARI SOPRA VIA BERLINGUER NELLA FRAZIONE DI RIALE <\/strong><\/p>\n<p>&nbsp;<\/p>\n<p>Il CODACONS ritiene che la scelta di abbattere gli alberi di alto fusto e secolari sia una scelta prima ancora che tecnico amministrativa di natura politica\u00a0 che sinceramente le associazioni ambientaliste dell\u2019Emilia Romagna che operano sulla provincia di Bologna come WWF, Lega ambiente e CODACONS\u00a0 non si aspettavano da un cittadino eletto nelle liste progressiste che ha lavorato in passato nel settore della tutela del verde e che sicuramente all\u2019ultimo turno elettorale ha trovato il favore\u00a0 anche degli elettori che amano la tutela del verde.<\/p>\n<p>Difendersi sul punto affermando che il Sindaco \u00e8 tenuto e difendere il quadro normativo ed autorizzativo relativo ad un insediamento \"previsto da strumenti di pianificazione urbanistica legittimamente oltre che pubblicamente approvati e consolidati, ancorch\u00e9 datati\" precisando che a fronte degli abbattimenti \u00e8 prevista la piantumazione di altri alberi, significa tentare di coprirsi con una foglia di fico visto e considerato che quei piani sono stati anche il frutto dell\u2019operato del comune ed il Sindaco che il Comune presiede non pu\u00f2 che essersi gravemente distratto o si \u00e8 dimostrato in quei frangenti privo di sensibilit\u00e0 ambientale visto che equipara l\u2019abbattimento di alberi secolari con la piantumazione di nuovi piccoli alberelli. \u00a0Infatti perch\u00e8 i nuovi alberelli possano in termini di produzione di ossigeno e impatto paesaggistico equiparare la funzione di alberi di alto fusto secolari impiegheranno interi decenni.<\/p>\n<p>Il CODACONS\u00a0 ritiene a questo punto che\u00a0 il sindaco si debba impegnare ponendo in essere l\u2019arte del compromesso, che \u00e8 la linfa dell\u2019attivit\u00e0 politica, una soluzione che tenga conto delle esigenza ambientalistiche soluzione che non pu\u00f2 essere rappresentata dalla piantumazione di qualche alberello.<\/p>\n<p>Forse non esiste un obbligo giuridico in tal senso certo \u00e8 che politicamente il Sindaco in carica dovr\u00e0 rispondere prima o poi all\u2019elettorato delle proprie scelte.<\/p>\n<p>&nbsp;<\/p>\n<p>Vice Presidente Nazionale CODACONS<\/p>\n<p>Presidente CODACONS Emilia Romagna<\/p>\n<p>Avv. Bruno Barbieri<\/p>\n","protected":false},"excerpt":{"rendered":"<p>ZOLA PREDOSA 01 FEBBRAIO 2024 COMUNCATO STAMPA ANCHE IL CODACONS SI UNISCE ALL\u2019APPELLO DI WWF E LEGA AMBIENTE E CHIEDE AL SINDACO DI ZOLA PREDOSA DI TROVARE UNA SOLUZIONE PER EVITARE L\u2019ABBATTIMENTO DEGLI ALBERI SECOLARI SOPRA VIA BERLINGUER NELLA FRAZIONE DI RIALE &nbsp; Il CODACONS ritiene che la scelta di abbattere gli alberi di alto [&hellip;]<\/p>\n","protected":false},"author":4,"featured_media":1071,"comment_status":"closed","ping_status":"closed","sticky":false,"template":"","format":"standard","meta":[],"categories":[2,3,4,5],"tags":[],"_links":{"self":[{"href":"https:\/\/codacons.emiliaromagna.it\/index.php?rest_route=\/wp\/v2\/posts\/1835"}],"collection":[{"href":"https:\/\/codacons.emiliaromagna.it\/index.php?rest_route=\/wp\/v2\/posts"}],"about":[{"href":"https:\/\/codacons.emiliaromagna.it\/index.php?rest_route=\/wp\/v2\/types\/post"}],"author":[{"embeddable":true,"href":"https:\/\/codacons.emiliaromagna.it\/index.php?rest_route=\/wp\/v2\/users\/4"}],"replies":[{"embeddable":true,"href":"https:\/\/codacons.emiliaromagna.it\/index.php?rest_route=%2Fwp%2Fv2%2Fcomments&post=1835"}],"version-history":[{"count":1,"href":"https:\/\/codacons.emiliaromagna.it\/index.php?rest_route=\/wp\/v2\/posts\/1835\/revisions"}],"predecessor-version":[{"id":1836,"href":"https:\/\/codacons.emiliaromagna.it\/index.php?rest_route=\/wp\/v2\/posts\/1835\/revisions\/1836"}],"wp:featuredmedia":[{"embeddable":true,"href":"https:\/\/codacons.emiliaromagna.it\/index.php?rest_route=\/wp\/v2\/media\/1071"}],"wp:attachment":[{"href":"https:\/\/codacons.emiliaromagna.it\/index.php?rest_route=%2Fwp%2Fv2%2Fmedia&parent=1835"}],"wp:term":[{"taxonomy":"category","embeddable":true,"href":"https:\/\/codacons.emiliaromagna.it\/index.php?rest_route=%2Fwp%2Fv2%2Fcategories&post=1835"},{"taxonomy":"post_tag","embeddable":true,"href":"https:\/\/codacons.emiliaromagna.it\/index.php?rest_route=%2Fwp%2Fv2%2Ftags&post=1835"}],"curies":[{"name":"wp","href":"https:\/\/api.w.org\/{rel}","templated":true}]}}