{"id":1827,"date":"2024-01-08T18:23:28","date_gmt":"2024-01-08T18:23:28","guid":{"rendered":"https:\/\/codacons.emiliaromagna.it\/?p=1827"},"modified":"2024-01-15T18:26:21","modified_gmt":"2024-01-15T18:26:21","slug":"1827","status":"publish","type":"post","link":"https:\/\/codacons.emiliaromagna.it\/?p=1827","title":{"rendered":"Servizio Civile con il Codacons"},"content":{"rendered":"<p><img loading=\"lazy\" class=\"aligncenter size-large wp-image-1828\" src=\"http:\/\/codacons.emiliaromagna.it\/wp-content\/uploads\/2024\/01\/banner-digitale-1024x1024.jpg\" alt=\"\" width=\"1024\" height=\"1024\" srcset=\"https:\/\/codacons.emiliaromagna.it\/wp-content\/uploads\/2024\/01\/banner-digitale-1024x1024.jpg 1024w, https:\/\/codacons.emiliaromagna.it\/wp-content\/uploads\/2024\/01\/banner-digitale-300x300.jpg 300w, https:\/\/codacons.emiliaromagna.it\/wp-content\/uploads\/2024\/01\/banner-digitale-150x150.jpg 150w, https:\/\/codacons.emiliaromagna.it\/wp-content\/uploads\/2024\/01\/banner-digitale-768x768.jpg 768w, https:\/\/codacons.emiliaromagna.it\/wp-content\/uploads\/2024\/01\/banner-digitale.jpg 1200w\" sizes=\"(max-width: 1024px) 100vw, 1024px\" \/><\/p>\n<div class=\"elementor-element elementor-element-9d4517 elementor-widget elementor-widget-text-editor\" data-id=\"9d4517\" data-element_type=\"widget\" data-widget_type=\"text-editor.default\">\n<div class=\"elementor-widget-container\">\n<p>Il 22 dicembre 2023 il <a href=\"https:\/\/www.politichegiovanili.gov.it\/comunicazione\/news\/2023\/12\/bando-ordinario-2023\/\" target=\"_blank\" rel=\"noopener\" data-cmp-ab=\"2\"><b>Dipartimento per le Politiche Giovanili e il Servizio Civile Universale<\/b><\/a> (DPGSCU) ha emanato il bando per la selezione di operatori volontari da impiegare in progetti afferenti a programmi di intervento di Servizio civile universale.<\/p>\n<p><a href=\"https:\/\/codacons.it\/wp-content\/uploads\/2024\/01\/Bando-SCU_2023.pdf\" data-cmp-ab=\"2\" target=\"_blank\" rel=\"noopener\"><strong>Scarica il bando<\/strong><\/a><\/p>\n<p>I progetti hanno una durata di 12 mesi dove i giovani volontari saranno coinvolti in azioni volte a migliorare il proprio territorio, promuovere la cultura e supportare i cittadini.<\/p>\n<p>Un\u2019esperienza dal grande valore solidaristico che permetter\u00e0 di acquisire ai giovani volontari competenze spendibili nel mondo del lavoro.<\/p>\n<p>Ciascun operatore volontario selezionato sar\u00e0 chiamato a sottoscrivere con il Dipartimento un contratto che fissa, tra l\u2019altro, l\u2019importo dell\u2019assegno mensile per lo svolgimento del servizio in <strong>\u20ac 507,30<\/strong> suscettibile di essere incrementato sulla base della variazione, accertata dall\u2019ISTAT, dell\u2019indice dei prezzi al consumo per le famiglie di operai e impiegati.<\/p>\n<table width=\"100%\">\n<tbody>\n<tr>\n<td>\n<table width=\"98%\">\n<tbody>\n<tr>\n<td><strong>MODALITA\u2019 DI INVIO DELLE DOMANDE<\/strong><\/p>\n<p>Tutti i giovani tra i 18 e i 28 anni (28 anni e 364 giorni alla data di presentazione della domanda), in possesso dei requisiti previsti dal\u00a0<strong><a href=\"http:\/\/serviziocivile.amesci.org\/bandi\/BANDO_SC_2023\/documentazione\/bando.pdf\" data-cmp-ab=\"2\" target=\"_blank\" rel=\"noopener\">Bando<\/a><\/strong>, potranno inoltrare la propria candidatura\u00a0<strong>solo online entro e non oltre il 15 febbraio 2024 alle ore 14.00, <\/strong>attraverso il sito <a href=\"https:\/\/domandaonline.serviziocivile.it\/\" data-cmp-ab=\"2\" target=\"_blank\" rel=\"noopener\"><strong>domandaonline.serviziocivile.it<\/strong><\/a>\u00a0del DPGSCU (<a href=\"https:\/\/www.scelgoilserviziocivile.gov.it\/media\/1209\/guida_dol_bandoordinario_2023.pdf\" data-cmp-ab=\"2\" target=\"_blank\" rel=\"noopener\"><strong>leggi la guida alla compilazione della domanda<\/strong><\/a>), previo possesso della SPID, il Sistema pubblico di identit\u00e0 digitale, oppure delle credenziali fornite dal DPGSCU per casi specifici. Se non sei ancora in possesso della SPID consulta la \u201c<strong><a href=\"http:\/\/serviziocivile.amesci.org\/bandi\/BANDO_SC_2023\/documentazione\/SPID_guida_AMESCI.pdf\" data-cmp-ab=\"2\" target=\"_blank\" rel=\"noopener\">Guida<\/a><\/strong>\u201d con tutte le informazioni sul rilascio gratuito.<\/p>\n<p>Le domande trasmesse con modalit\u00e0 diverse da quelle sopra indicate non saranno prese in considerazione (<strong><a href=\"http:\/\/serviziocivile.amesci.org\/bandi\/BANDO_SC_2023\/documentazione\/bando.pdf\" data-cmp-ab=\"2\" target=\"_blank\" rel=\"noopener\">art. 5 del bando<\/a><\/strong>).\u00a0In caso di errata compilazione, \u00e8 consentito annullare la propria domanda e presentarne una nuova fino alle ore 14:00 del giorno precedente a quello di scadenza del presente bando.<\/p>\n<p>In caso di necessit\u00e0 si pu\u00f2 usufruire della <strong><a href=\"https:\/\/codacons.it\/wp-content\/uploads\/2024\/01\/GUIDA-a-DOL_Bando-2023.pdf\" data-cmp-ab=\"2\" target=\"_blank\" rel=\"noopener\">Guida per la compilazione e la presentazione della Domanda On Line con la piattaforma DOL<\/a><\/strong>.<\/p>\n<p><strong>CHI PUO\u2019 PARTECIPARE<\/strong><\/p>\n<p>Il candidato deve essere in possesso, alla data di presentazione della domanda, dei seguenti n.3 requisiti:<br \/>\n1. cittadinanza italiana, europea, oppure di un Paese extra UE purch\u00e9 regolarmente soggiornante in Italia;<br \/>\n2. aver compiuto il diciottesimo anno di et\u00e0 e non aver superato il ventottesimo anno di et\u00e0 (28 anni e 364 giorni) alla data di presentazione della domanda;<br \/>\n3. non aver riportato condanna, anche non definitiva, alla pena della reclusione superiore ad un anno per delitto non colposo oppure ad una pena, anche di entit\u00e0 inferiore, per un delitto contro la persona o concernente detenzione, uso, porto, trasporto, importazione o esportazione illecita di armi o materie esplodenti, oppure per delitti riguardanti l\u2019appartenenza o il favoreggiamento a gruppi eversivi, terroristici o di criminalit\u00e0 organizzata.<\/p>\n<p>I requisiti di partecipazione devono essere posseduti alla data di presentazione della domanda e, ad eccezione del limite di et\u00e0, mantenuti sino al termine del servizio. La perdita dei requisiti di partecipazione, nel corso dell\u2019espletamento del progetto, costituisce causa di esclusione dal servizio civile universale.<\/td>\n<\/tr>\n<\/tbody>\n<\/table>\n<\/td>\n<\/tr>\n<\/tbody>\n<\/table>\n<table width=\"100%\">\n<tbody>\n<tr>\n<td>\n<table width=\"98%\">\n<tbody>\n<tr>\n<td><strong>N.B.<\/strong>\u00a0Le informazioni rappresentano una sintesi dei criteri di partecipazione contenuti nel\u00a0<a href=\"https:\/\/codacons.it\/wp-content\/uploads\/2024\/01\/Bando-SCU_2023.pdf\" data-cmp-ab=\"2\" target=\"_blank\" rel=\"noopener\"><strong>bando<\/strong><\/a>. Si raccomanda di prendere visione del testo integrale.<\/td>\n<\/tr>\n<\/tbody>\n<\/table>\n<table width=\"98%\">\n<tbody>\n<tr>\n<td><\/td>\n<\/tr>\n<\/tbody>\n<\/table>\n<\/td>\n<\/tr>\n<\/tbody>\n<\/table>\n<p><strong>I PROGETTI A CUI E\u2019 POSSIBILE CANDIDARSI<\/strong><\/p>\n<p>Di seguito le schede contenenti tutte le informazioni relative ai progetti a cui potersi candidare:<\/p>\n<p><strong>\u2013 <a href=\"https:\/\/codacons.it\/wp-content\/uploads\/2024\/01\/progetto_CODACONS_LA_SICUREZZA_NON_HA_ETA.pdf\" data-cmp-ab=\"2\" target=\"_blank\" rel=\"noopener\">LA SICUREZZA NON HA ET\u00c0<\/a><\/strong>: <a href=\"https:\/\/codacons.it\/wp-content\/uploads\/2024\/01\/progetto_CODACONS_LA_SICUREZZA_NON_HA_ETA.pdf\" data-cmp-ab=\"2\" target=\"_blank\" rel=\"noopener\"><strong>scarica qui<\/strong><\/a> il file del progetto!<\/p>\n<p><a class=\"everlightbox-trigger\" href=\"https:\/\/codacons.it\/wp-content\/uploads\/2024\/01\/locandina_CODACONS-scaled.jpg\" data-cmp-ab=\"2\" target=\"_blank\" rel=\"noopener\"><strong>Scarica qui<\/strong><\/a> l\u2019immagine del Servizio Civile<\/p>\n<p>Per ogni ulteriore informazione, chiarimento o supporto le nostre sedi sono aperte dal luned\u00ec al venerd\u00ec, dalle ore 10.00 alle 13.00, in alternativa \u00e8 possibile contattare i nostri uffici dal luned\u00ec al gioved\u00ec dalle ore 10.00 alle 17.00 ed il Venerd\u00ec dalle 10.00 alle 13.00 al seguente numero 06\/3728667.<\/p>\n<h5><strong>PRECEDENTI BANDI<\/strong><\/h5>\n<ul>\n<li><a href=\"https:\/\/codacons.it\/servizio-civile-nazionale-precedente-bando-scadenza-20-2-2023\/\" data-cmp-ab=\"2\" target=\"_blank\" rel=\"noopener\">Servizio Civile Nazionale \u2013 Precedente bando scadenza 20\/2\/2023<\/a><\/li>\n<li><a href=\"https:\/\/codacons.it\/servizio-civile-nazionale-precedente-bando-scadenza-9-3-2022\/\" data-cmp-ab=\"2\" target=\"_blank\" rel=\"noopener\">Servizio Civile Nazionale \u2013 Precedente bando scadenza 9\/3\/2022<\/a><\/li>\n<li><a href=\"https:\/\/codacons.it\/https-codacons-it-servizio-civile-scadenza-17-febbraio-2021\/\" data-cmp-ab=\"2\" target=\"_blank\" rel=\"noopener\">Servizio Civile Nazionale \u2013 Precedente bando scadenza 17\/2\/2021<\/a><\/li>\n<li><a href=\"https:\/\/codacons.it\/servizio-civile-scadenza-10-ottobre-2019-prorogato-al-17-ottobre\/\" data-cmp-ab=\"2\" target=\"_blank\" rel=\"noopener\">Servizio Civile Nazionale \u2013 Precedente bando scadenza 10\/10\/2019<\/a><\/li>\n<li><a href=\"https:\/\/codacons.it\/servizio-civile-con-noi-bando-scadenza-28-09-2018\/\" data-cmp-ab=\"2\" target=\"_blank\" rel=\"noopener\">Servizio Civile Nazionale \u2013 Precedente bando scadenza 28\/09\/2018<\/a><\/li>\n<li><a href=\"https:\/\/codacons.it\/servizio-civile-nazionale-precedente-bando-scadenza-26-06-2017\/\" data-cmp-ab=\"2\" target=\"_blank\" rel=\"noopener\">Servizio Civile Nazionale \u2013 Precedente bando scadenza 26\/06\/2017<\/a><\/li>\n<li><a href=\"https:\/\/codacons.it\/bando-servizio-civile-nazionale-scadenza-30062016\" data-cmp-ab=\"2\" target=\"_blank\" rel=\"noopener\">Servizio Civile Nazionale \u2013 Precedente bando scadenza 30\/6\/2016<\/a><\/li>\n<li><a href=\"http:\/\/demo.codacons.it\/bando-del-dipartimento-della-gioventu-e-del-servizio-civile-nazionale\/\" data-cmp-ab=\"2\" target=\"_blank\" rel=\"noopener\">Servizio Civile Nazionale \u2013 Precedente bando scadenza 17\/12\/2015<\/a><\/li>\n<li><a href=\"http:\/\/demo.codacons.it\/servizio-civile-nazionale-con-il-codacons-bando-scadenza-2342015\/\" data-cmp-ab=\"2\" target=\"_blank\" rel=\"noopener\">Servizio Civile Nazionale \u2013 Precedente bando scadenza 23\/4\/2015<\/a><\/li>\n<li><a href=\"http:\/\/demo.codacons.it\/servizio-civile-nazionale-con-il-codacons-bando-speciale-scadenza-14112014\/\" data-cmp-ab=\"2\" target=\"_blank\" rel=\"noopener\">Servizio Civile Nazionale \u2013 Precedente bando speciale scadenza 14\/11\/2014<\/a><\/li>\n<\/ul>\n<\/div>\n<\/div>\n","protected":false},"excerpt":{"rendered":"<p>Il 22 dicembre 2023 il Dipartimento per le Politiche Giovanili e il Servizio Civile Universale (DPGSCU) ha emanato il bando per la selezione di operatori volontari da impiegare in progetti afferenti a programmi di intervento di Servizio civile universale. Scarica il bando I progetti hanno una durata di 12 mesi dove i giovani volontari saranno [&hellip;]<\/p>\n","protected":false},"author":4,"featured_media":1828,"comment_status":"closed","ping_status":"closed","sticky":false,"template":"","format":"standard","meta":[],"categories":[3,4,5,1],"tags":[],"_links":{"self":[{"href":"https:\/\/codacons.emiliaromagna.it\/index.php?rest_route=\/wp\/v2\/posts\/1827"}],"collection":[{"href":"https:\/\/codacons.emiliaromagna.it\/index.php?rest_route=\/wp\/v2\/posts"}],"about":[{"href":"https:\/\/codacons.emiliaromagna.it\/index.php?rest_route=\/wp\/v2\/types\/post"}],"author":[{"embeddable":true,"href":"https:\/\/codacons.emiliaromagna.it\/index.php?rest_route=\/wp\/v2\/users\/4"}],"replies":[{"embeddable":true,"href":"https:\/\/codacons.emiliaromagna.it\/index.php?rest_route=%2Fwp%2Fv2%2Fcomments&post=1827"}],"version-history":[{"count":2,"href":"https:\/\/codacons.emiliaromagna.it\/index.php?rest_route=\/wp\/v2\/posts\/1827\/revisions"}],"predecessor-version":[{"id":1833,"href":"https:\/\/codacons.emiliaromagna.it\/index.php?rest_route=\/wp\/v2\/posts\/1827\/revisions\/1833"}],"wp:featuredmedia":[{"embeddable":true,"href":"https:\/\/codacons.emiliaromagna.it\/index.php?rest_route=\/wp\/v2\/media\/1828"}],"wp:attachment":[{"href":"https:\/\/codacons.emiliaromagna.it\/index.php?rest_route=%2Fwp%2Fv2%2Fmedia&parent=1827"}],"wp:term":[{"taxonomy":"category","embeddable":true,"href":"https:\/\/codacons.emiliaromagna.it\/index.php?rest_route=%2Fwp%2Fv2%2Fcategories&post=1827"},{"taxonomy":"post_tag","embeddable":true,"href":"https:\/\/codacons.emiliaromagna.it\/index.php?rest_route=%2Fwp%2Fv2%2Ftags&post=1827"}],"curies":[{"name":"wp","href":"https:\/\/api.w.org\/{rel}","templated":true}]}}