{"id":1775,"date":"2023-09-08T12:56:04","date_gmt":"2023-09-08T12:56:04","guid":{"rendered":"https:\/\/codacons.emiliaromagna.it\/?p=1775"},"modified":"2023-09-13T20:02:53","modified_gmt":"2023-09-13T20:02:53","slug":"evento-del-17-settembre-teatro-dehon-comunicato-stampa-alluvione","status":"publish","type":"post","link":"https:\/\/codacons.emiliaromagna.it\/?p=1775","title":{"rendered":"EVENTO DEL 17 SETTEMBRE TEATRO DEHON\u00a0 - COMUNICATO STAMPA ALLUVIONE"},"content":{"rendered":"<p><strong>EVENTO DEL 17 SETTEMBRE TEATRO DEHON\u00a0 <\/strong><\/p>\n<p><strong>ALCUNI AMMINISTRATORI NON HANNO ANCORA CONFERMATO LA LORO PRESENZA NOI PERO CI SAREMO CON CONSIGLI E DOMANDE IN TEMA DI AIUTI AI PRIVATI ED ALLE IMPRESE\u00a0 IN DIFFICOLTA\u2019\u00a0\u00a0\u00a0\u00a0 <\/strong><\/p>\n<p><strong>E LA SERA SI TERRA\u2019 LA COMMEDIA BRILLANTE IN TRE ATTI PER LA RACCOLTA FONDI\u00a0 <\/strong><\/p>\n<p><strong>\u00a0 <\/strong><\/p>\n<p>Premesso che \u00a0quando come Codacons alla fine del mese di giugno abbiamo iniziato ad organizzare un evento pubblico, che oltre a servire alla raccolta di fondi, ha lo scopo di porre a confronto amministratori e cittadini, i politici e gli amministratori pubblici ci dissero che avevamo programmato l\u2019evento troppo avanti nel tempo in quanto a met\u00e0 settembre le cose sarebbero gi\u00e0 state definite,\u00a0 almeno in termini di decisioni sui fondi e modalit\u00e0 che i cittadini avrebbero dovuto seguire per potervi accedere.<\/p>\n<p>Oggi gli stessi politici ci dicono che l\u2019evento \u00e8 prematuro per poter dare queste riposte.<\/p>\n<p>L\u2019invito in ogni caso \u00e8 stato inviato\/consegnato a pi\u00f9 assessori regionali, al Presidente della Regione Emilia Romagna,\u00a0 al Commissario Figliuolo e pi\u00f9 di recente anche al Ministro Urso, con riferimento alle sue proposte in tema di gestione degli NPL.<\/p>\n<p>In ogni caso il Codacons sarebbe felice per i cittadini se anche gli amministratori e politici, che ancora non ci hanno confermato la loro presenza, la confermassero, per cui l\u2019invito inviatogli\u00a0 rimane sempre valido!!!<\/p>\n<p>Il Codacons ritiene che chi \u00e8 stato danneggiato\u00a0 dall\u2019alluvione abbia diritto di porre direttamente proprie domande in tema di ripristino dei beni danneggiati e per garantire continuit\u00e0 alle imprese\u00a0 che stanno subendo contraccolpi negativi\u00a0 in termini di bilancio.<\/p>\n<p>In ogni caso, detto ci\u00f2, diamo atto che alcune societ\u00e0 a cui l\u2019invito era stato esteso, hanno deciso di accettarlo e tra queste Emilbanca e Spazio Zero ( societ\u00e0 di geometri ) che hanno deciso\u00a0 di sostenere sponsorizzandola l\u2019iniziativa e che avr\u00e0 cos\u00ec modo di illustrare le misure prese dalla banca a favore degli alluvionati.<\/p>\n<p>Per ora per quanto riguarda i politici abbiamo avuto la conferma della presenza del Consigliere Regionale\u00a0 Marco Mastacchi e una disponibilit\u00e0 comunicataci da tempo a partecipare dell\u2019assessore regionale Andrea Corsini mentre siamo in attesa della risposta del Rettore dell\u2019Universit\u00e0 di Bologna.<\/p>\n<p>Il dibattito avr\u00e0 inizio alle ore 15,00 e si svilupper\u00e0 nel pomeriggio nel corso di un paio di ore a cui \u00e8 invitata a partecipare anche la stampa ed i mass media, in quanto, come CODACONS, anche in qualit\u00e0 di membro della cabina di regia del protocollo siglato in Prefettura sul controllo della regolare e corretto utilizzo delle somme del PNRR e delle somme stanziate a favore degli alluvionati\u00a0 abbiamo diverse cose da dire sul tema aiuti e su come aiutare le societ\u00e0 in crisi.<\/p>\n<p>Ed ancora ci domandiamo come in un ambito di questo tipo chi governa il territorio non si sia ancora espresso in senso favorevole al progetto di legge del Ministro Urso per la gestione degli NPL a favore delle\u00a0 piccole imprese\u00a0 che noi riteniamo vada approvato quanto prima\u00a0 possibile, allargandone per\u00f2 l\u2019applicazione anche a favore dei privati, \u00a0cos\u00ec come vorremmo capire perch\u00e9 dopo aver affossato la proposta di legge in tema di sovraindebitamento (gi\u00e0 finanziata)\u00a0 che era da tempo arrivata in Consiglio Regionale, la maggioranza in Regione non abbia ancora provveduto ad approvare un testo su tale tema che sarebbe quanto mai di aiuto non solo\u00a0 alle aziende in difficolt\u00e0 colpite dall\u2019alluvione ma, pi\u00f9 in generale, a favore di gran parte del tessuto produttivo che patisce, anche in parte a causa dell\u2019alluvione, difficolta finanziarie, in quanto una cosa \u00e8 dare un prestito anche a tasso zero alle societ\u00e0 in crisi (come sembra leggendo i quotidiani abbia intenzione di fare la Regione E.R.) che in ogni caso andr\u00e0 restituito, ed altro \u00e8 favorire l\u2019applicazione del Codice della Crisi con un taglio secco del monte debiti.<\/p>\n<p>Nel pomeriggio stesso, e\u00a0 forse anche durante gli intervalli della commedia che si terr\u00e0 alle ore 21,00,\u00a0 ci saranno anche brevi intermezzi affidati al Presidente della Scuola Teatrale Colli Emanuele Montagna anche in tema di sovraindebitamento.<\/p>\n<p>I cittadini che non potranno recarsi a Bologna potranno tramite un link, che troveranno sul sito del CODACONS Emilia Romagna, assistere in diretta all\u2019evento del 17 settembre e porre per iscritto delle domande ai relatori presenti.<\/p>\n<p>Al termine la sala verr\u00e0 resa libera per permettere agli addetti di\u00a0 montare la scenografia <u>della commedia in tre atti con inizio alle ore 21,00 messa in scena dalla compagnia teatrale del Dopolavoro Ferroviario di Bologna intitolata titolata \u201c <strong>l\u2019infortunio<\/strong><\/u><strong>\u201d<\/strong> con ingresso gratuito e possibilit\u00e0 all\u2019ingresso di fare una donazione a favore degli alluvionati con somme che verranno devolute al fondo regionale a favore degli alluvionati.<\/p>\n<p>Chi desiderasse partecipare alla raccolta fondi e non pu\u00f2 recarsi a Bologna il 17 settembre 2023 potr\u00e0 fare una donazione\u00a0 sulla piattaforma <a href=\"http:\/\/www.trustmeup.com\" target=\"_blank\" rel=\"noopener\">www.trustmeup.com<\/a> dove trover\u00e0 la nuovissima raccolta fondi dedicata agli alluvionati cercando sulla casella del CODACONS\u00a0 Emilia Romagna e spiegate le modalit\u00e0 di donazione\u00a0 ed anche in questo caso quanto raccolto andr\u00e0 anche questo a favore del fondo per le popolazioni alluvionate.<\/p>\n<p>Avv. Bruno Barbieri per CODACONS EMILIA ROMAGNA<\/p>\n","protected":false},"excerpt":{"rendered":"<p>EVENTO DEL 17 SETTEMBRE TEATRO DEHON\u00a0 ALCUNI AMMINISTRATORI NON HANNO ANCORA CONFERMATO LA LORO PRESENZA NOI PERO CI SAREMO CON CONSIGLI E DOMANDE IN TEMA DI AIUTI AI PRIVATI ED ALLE IMPRESE\u00a0 IN DIFFICOLTA\u2019\u00a0\u00a0\u00a0\u00a0 E LA SERA SI TERRA\u2019 LA COMMEDIA BRILLANTE IN TRE ATTI PER LA RACCOLTA FONDI\u00a0 \u00a0 Premesso che \u00a0quando come Codacons [&hellip;]<\/p>\n","protected":false},"author":4,"featured_media":1071,"comment_status":"closed","ping_status":"closed","sticky":false,"template":"","format":"standard","meta":[],"categories":[2,3,4,5,1],"tags":[],"_links":{"self":[{"href":"https:\/\/codacons.emiliaromagna.it\/index.php?rest_route=\/wp\/v2\/posts\/1775"}],"collection":[{"href":"https:\/\/codacons.emiliaromagna.it\/index.php?rest_route=\/wp\/v2\/posts"}],"about":[{"href":"https:\/\/codacons.emiliaromagna.it\/index.php?rest_route=\/wp\/v2\/types\/post"}],"author":[{"embeddable":true,"href":"https:\/\/codacons.emiliaromagna.it\/index.php?rest_route=\/wp\/v2\/users\/4"}],"replies":[{"embeddable":true,"href":"https:\/\/codacons.emiliaromagna.it\/index.php?rest_route=%2Fwp%2Fv2%2Fcomments&post=1775"}],"version-history":[{"count":1,"href":"https:\/\/codacons.emiliaromagna.it\/index.php?rest_route=\/wp\/v2\/posts\/1775\/revisions"}],"predecessor-version":[{"id":1776,"href":"https:\/\/codacons.emiliaromagna.it\/index.php?rest_route=\/wp\/v2\/posts\/1775\/revisions\/1776"}],"wp:featuredmedia":[{"embeddable":true,"href":"https:\/\/codacons.emiliaromagna.it\/index.php?rest_route=\/wp\/v2\/media\/1071"}],"wp:attachment":[{"href":"https:\/\/codacons.emiliaromagna.it\/index.php?rest_route=%2Fwp%2Fv2%2Fmedia&parent=1775"}],"wp:term":[{"taxonomy":"category","embeddable":true,"href":"https:\/\/codacons.emiliaromagna.it\/index.php?rest_route=%2Fwp%2Fv2%2Fcategories&post=1775"},{"taxonomy":"post_tag","embeddable":true,"href":"https:\/\/codacons.emiliaromagna.it\/index.php?rest_route=%2Fwp%2Fv2%2Ftags&post=1775"}],"curies":[{"name":"wp","href":"https:\/\/api.w.org\/{rel}","templated":true}]}}