{"id":1773,"date":"2023-09-11T12:38:02","date_gmt":"2023-09-11T12:38:02","guid":{"rendered":"https:\/\/codacons.emiliaromagna.it\/?p=1773"},"modified":"2023-09-13T20:02:47","modified_gmt":"2023-09-13T20:02:47","slug":"accolte-e-condivise-dal-ministero-della-salute-le-tesi-del-codacons-sulle-sigarette-elettroniche","status":"publish","type":"post","link":"https:\/\/codacons.emiliaromagna.it\/?p=1773","title":{"rendered":"ACCOLTE E CONDIVISE DAL MINISTERO DELLA SALUTE LE TESI DEL CODACONS SULLE SIGARETTE ELETTRONICHE"},"content":{"rendered":"<p>COMUNICATO CODACONS<\/p>\n<p>ROMA- BOLOGNA<\/p>\n<p>11 SETTEMBRE 2023<\/p>\n<p>&nbsp;<\/p>\n<p>ACCOLTE E CONDIVISE DAL MINISTERO DELLA SALUTE LE TESI DEL CODACONS SULLE SIGARETTE ELETTRONICHE<\/p>\n<p>&nbsp;<\/p>\n<p>ANCHE LE SIGARETTE ELETTRONICHE PROVOCANO DANNI ALLA SALUTE- IL CODACONS DISTRIBUIRA\u2019 PRESSO LE PROPRIE PIU\u2019 IMPORTANTI SEDI NAZIONALI VOLANTINI INERENTI LA NOCIVITA\u2019 DELLE SIGARETTE CLASSICHE E DI QUELLE ELTTRONICHE: UN MONITO PER I GIOVANI<\/p>\n<p>&nbsp;<\/p>\n<p>Lo scorso dicembre 2022 il Codacon portava \u00a0all\u2019attenzione del Ministero della Salute Italiano quanto emerso da uno studio prospettico condotto dall\u2019Istituto di Ricerche Farmacologiche - Mario Negri, nel quale verrebbe per la prima volta mostrato che le sigarette elettroniche e i prodotti a tabacco riscaldato non aiutano i fumatori a smettere di fumare. Al contrario, sembrerebbe emergere che le stesse \u00ab<em>portano i non-fumatori, soprattutto i pi\u00f9 giovani, a iniziare a fumare sigarette tradizionali e gli ex-fumatori a ricadere nella dipendenza da tabacco<\/em>\u00bb<\/p>\n<p>Il Codacons da anni agisce contro le multinazionali del tabacco affinch\u00e8 venga correttamente comunicata la pericolosit\u00e0 e nocivit\u00e0 del fumo di sigaretta , attivo o passivo, e , ad oggi, si attiva affinch\u00e8 sia fornita ai consumatori la giusta informazioni in merito alle sigarette elettroniche, da alcuni anni sui mercati internazionali .<\/p>\n<p>&nbsp;<\/p>\n<p><strong>IL CODACONS PER DIFFONDERE TALI IMPORTANTI INFORMAZIONI CIRCA LA NOCIVIT\u00e0 DEL FUMO, IN COLLABORAZIONE CON L\u2019ASSOCIAZIONE UTENTI EI SERVIZI RADIOTELEVISIVI, \u00a0PROVVEDE A DISTRIBUIRE GRATUITAMENTE PRESSO LE PROPRIE Pi\u00f9 IMPORTANTI SEDI NAZIONALI VOLANTINI CHE RAPPRESENTANO GRAFICAMENTE GLI AVVERTIMENTI DELL\u2019ISTITUTO NEGRI SUI PERICOLI DEI FUMATORI E A SVILUPPARE LA CAMPAGNA SUI SOCIAL<\/strong><\/p>\n","protected":false},"excerpt":{"rendered":"<p>COMUNICATO CODACONS ROMA- BOLOGNA 11 SETTEMBRE 2023 &nbsp; ACCOLTE E CONDIVISE DAL MINISTERO DELLA SALUTE LE TESI DEL CODACONS SULLE SIGARETTE ELETTRONICHE &nbsp; ANCHE LE SIGARETTE ELETTRONICHE PROVOCANO DANNI ALLA SALUTE- IL CODACONS DISTRIBUIRA\u2019 PRESSO LE PROPRIE PIU\u2019 IMPORTANTI SEDI NAZIONALI VOLANTINI INERENTI LA NOCIVITA\u2019 DELLE SIGARETTE CLASSICHE E DI QUELLE ELTTRONICHE: UN MONITO PER [&hellip;]<\/p>\n","protected":false},"author":4,"featured_media":1071,"comment_status":"closed","ping_status":"closed","sticky":false,"template":"","format":"standard","meta":[],"categories":[2,4,5,1],"tags":[],"_links":{"self":[{"href":"https:\/\/codacons.emiliaromagna.it\/index.php?rest_route=\/wp\/v2\/posts\/1773"}],"collection":[{"href":"https:\/\/codacons.emiliaromagna.it\/index.php?rest_route=\/wp\/v2\/posts"}],"about":[{"href":"https:\/\/codacons.emiliaromagna.it\/index.php?rest_route=\/wp\/v2\/types\/post"}],"author":[{"embeddable":true,"href":"https:\/\/codacons.emiliaromagna.it\/index.php?rest_route=\/wp\/v2\/users\/4"}],"replies":[{"embeddable":true,"href":"https:\/\/codacons.emiliaromagna.it\/index.php?rest_route=%2Fwp%2Fv2%2Fcomments&post=1773"}],"version-history":[{"count":1,"href":"https:\/\/codacons.emiliaromagna.it\/index.php?rest_route=\/wp\/v2\/posts\/1773\/revisions"}],"predecessor-version":[{"id":1774,"href":"https:\/\/codacons.emiliaromagna.it\/index.php?rest_route=\/wp\/v2\/posts\/1773\/revisions\/1774"}],"wp:featuredmedia":[{"embeddable":true,"href":"https:\/\/codacons.emiliaromagna.it\/index.php?rest_route=\/wp\/v2\/media\/1071"}],"wp:attachment":[{"href":"https:\/\/codacons.emiliaromagna.it\/index.php?rest_route=%2Fwp%2Fv2%2Fmedia&parent=1773"}],"wp:term":[{"taxonomy":"category","embeddable":true,"href":"https:\/\/codacons.emiliaromagna.it\/index.php?rest_route=%2Fwp%2Fv2%2Fcategories&post=1773"},{"taxonomy":"post_tag","embeddable":true,"href":"https:\/\/codacons.emiliaromagna.it\/index.php?rest_route=%2Fwp%2Fv2%2Ftags&post=1773"}],"curies":[{"name":"wp","href":"https:\/\/api.w.org\/{rel}","templated":true}]}}