{"id":1657,"date":"2022-08-25T15:05:10","date_gmt":"2022-08-25T15:05:10","guid":{"rendered":"https:\/\/codacons.emiliaromagna.it\/?p=1657"},"modified":"2022-08-25T15:05:10","modified_gmt":"2022-08-25T15:05:10","slug":"vicenda-new-financial-technology-ltd","status":"publish","type":"post","link":"https:\/\/codacons.emiliaromagna.it\/?p=1657","title":{"rendered":"VICENDA NEW FINANCIAL TECHNOLOGY LTD"},"content":{"rendered":"<p style=\"text-align: center;\"><strong><u>IL CODACONS HA INCONTRATO LA GUARDIA DI FINANZA E CONCORDATO LA \u00a0LINEA DI CONDOTTA \u00a0 LA PROSSIMA ASSEMBLEA CON GLI INVESTITORI DANNEGGIATI E\u2019 FISSATA \u00a0A PORDENONE IL 3 SETTEMBRE 2022 ALLE ORE 18 <\/u><\/strong><\/p>\n<p style=\"text-align: center;\"><strong><u>LA PROSSIMA ASSEMBLEA CON GLI INVESTITORI DANNEGGIATI E\u2019 FISSATA \u00a0A PORDENONE IL 3 SETTEMBRE 2022 ALLE ORE 18 <\/u>\u00a0<\/strong><\/p>\n<p style=\"text-align: center;\"><strong>PRESSO L\u2019 HOTEL SANTIN \u00a0DOVE SI CONTINUERA\u2019 A DISTRIBUIRE GRATUITAMENTE A CHI SI ASSOCIA LA NOMINA DI PERSONA OFFESA OLTRE ALLE ISTANZE PER RECUPERARE TUTTI I DOCUMENTI UTILI PER LE INDAGINI <\/strong><\/p>\n<p>Il CODACONS, dopo aver incontrato domenica sera presso l\u2019Hotel Continental di Treviso alcuni investitori rimasti danneggiati ed acquisito da questi ultimi diversi elementi utili ai fini delle indagini e della ricostruzione di quanto accaduto fino ad ora e su quanto sta ancora accadendo in questi giorni, e dopo aver consegnato loro, a fronte dell\u2019impegno di associarsi al CODACONS, sia la nomina di persona offesa che le istanze ex ar.t 117 e 119 TUB per recuperare i documenti necessari da allegare qualora si intenda sporgere denuncia querela, \u00a0l\u2019Avv. Bruno Barbieri Vice Presidente Nazionale del CODACONS \u00a0ha incontrato nella giornata di luned\u00ec mattina, a seguito di una formale convocazione, i funzionari della Guardia di Finanza di Treviso avendo cos\u00ec modo, da un lato di verbalizzare i dati interessanti raccolti durante l\u2019assemblea di domenica sera ed altri recuperati dal web e, dall\u2019altro, di verificare con soddisfazione che le modalit\u00e0 intraprese dal CODACONS per recuperare immediatamente informazioni e documenti utili alle indagini, ancor prima del deposito delle denunce \u00a0querele da parte degli investitori, siano le pi\u00f9 corrette quali ausilio per gli inquirenti nello svolgimento delle loro attivit\u00e0 di indagini in corso, non essendo di alcun aiuto il deposito frettoloso di denunce querele collettive eventualmente prive di elementi documentali \u00a0e testimoniali \u00a0rilevanti ai fini delle indagini.<\/p>\n<p>Non ritiene, infatti, opportuna il Codacons la redazione, attraverso \u00a0i propri legali, di denunce querele cumulative per una tutela della propria privacy che ciascun investitore potrebbe voler tenere su questa vicenda, quanto meno nella fase delle indagini, che difficilmente potrebbe essere garantita mediante una denuncia querela collettiva contenente eventuali dati sensibili di tutti i denuncianti che ciascuno di lor avrebbe diritto di aver in copia.<\/p>\n<p>Nel proseguire questa attivit\u00e0 di collaborazione con gli inquirenti il CODACONS Nazionale, anche in collaborazione con\u00a0 le sedi regionali, \u00a0sta organizzando per i motivi sopra indicati, altri importanti momenti assembleari \u00a0il primo dei quali si terr\u00e0 a Pordenone <strong>il 3 settembre 2022 alle ore 18 presso l Hotel Santin sito a soli 800 metri dalla Stazione Ferroviaria \u00a0in Viale Delle Grazie 9<\/strong> ed a seguire sempre nel mese di settembre ,in data da stabilire una terza assemblea da tenersi nella citt\u00e0 di Bologna, \u00a0su richiesta espressa giunta da diversi investitori residenti nella Regione Emilia Romagna.<\/p>\n<p><u>Stiamo inoltre organizzando una ulteriore assemblea nella mattinata del 3 settembre a Treviso in una location che comunicheremo al pi\u00f9 presto. \u00a0<\/u><\/p>\n<p>Per realizzare le predette attivit\u00e0 nonch\u00e9 le redazioni delle denunce querele in modo ordinato ed efficiente il CODACONS fisser\u00e0 dopo l\u2019Assemblea di Pordenone, con chi ne far\u00e0 richiesta una serie di incontri individuali, sia per la redazione delle denunce querele \u00a0sia per eventuali integrazioni di queste ultime per chi avesse gi\u00e0 provveduto in tal senso in autonomia. Per fissare detti incontri di persona o tramite collegamento web e concordare luogo, data ed ora degli stessi, le persone interessate possono\u00a0chiamare il <strong>numero verde 800 050800<\/strong>, oppure il numero\u00a0 051.312611 o scrivere una mail a\u00a0 <a href=\"mailto:info@codacons.emiliaromagna.it\">info@codacons.emiliaromagna.it<\/a>.<\/p>\n<p>A breve verranno pubblicate sul sito del CODACONS Nazionale \u00a0le modalit\u00e0 di adesione all\u2019azione in fase di indagine mentre da subito ci si potr\u00e0 avere come punto di appoggio la sede di Pordenone \u00a0del CODACONS sita in Pordenone Via Martelli 16\/d tel. 0434\/521905.<\/p>\n<p>Vice Presidente Nazionale CODACONS<\/p>\n<p>Avv. Bruno Barbieri<\/p>\n<p>&nbsp;<\/p>\n","protected":false},"excerpt":{"rendered":"<p>IL CODACONS HA INCONTRATO LA GUARDIA DI FINANZA E CONCORDATO LA \u00a0LINEA DI CONDOTTA \u00a0 LA PROSSIMA ASSEMBLEA CON GLI INVESTITORI DANNEGGIATI E\u2019 FISSATA \u00a0A PORDENONE IL 3 SETTEMBRE 2022 ALLE ORE 18 LA PROSSIMA ASSEMBLEA CON GLI INVESTITORI DANNEGGIATI E\u2019 FISSATA \u00a0A PORDENONE IL 3 SETTEMBRE 2022 ALLE ORE 18 \u00a0 PRESSO L\u2019 HOTEL [&hellip;]<\/p>\n","protected":false},"author":4,"featured_media":1071,"comment_status":"closed","ping_status":"closed","sticky":false,"template":"","format":"standard","meta":[],"categories":[2,3,4,1],"tags":[],"_links":{"self":[{"href":"https:\/\/codacons.emiliaromagna.it\/index.php?rest_route=\/wp\/v2\/posts\/1657"}],"collection":[{"href":"https:\/\/codacons.emiliaromagna.it\/index.php?rest_route=\/wp\/v2\/posts"}],"about":[{"href":"https:\/\/codacons.emiliaromagna.it\/index.php?rest_route=\/wp\/v2\/types\/post"}],"author":[{"embeddable":true,"href":"https:\/\/codacons.emiliaromagna.it\/index.php?rest_route=\/wp\/v2\/users\/4"}],"replies":[{"embeddable":true,"href":"https:\/\/codacons.emiliaromagna.it\/index.php?rest_route=%2Fwp%2Fv2%2Fcomments&post=1657"}],"version-history":[{"count":1,"href":"https:\/\/codacons.emiliaromagna.it\/index.php?rest_route=\/wp\/v2\/posts\/1657\/revisions"}],"predecessor-version":[{"id":1658,"href":"https:\/\/codacons.emiliaromagna.it\/index.php?rest_route=\/wp\/v2\/posts\/1657\/revisions\/1658"}],"wp:featuredmedia":[{"embeddable":true,"href":"https:\/\/codacons.emiliaromagna.it\/index.php?rest_route=\/wp\/v2\/media\/1071"}],"wp:attachment":[{"href":"https:\/\/codacons.emiliaromagna.it\/index.php?rest_route=%2Fwp%2Fv2%2Fmedia&parent=1657"}],"wp:term":[{"taxonomy":"category","embeddable":true,"href":"https:\/\/codacons.emiliaromagna.it\/index.php?rest_route=%2Fwp%2Fv2%2Fcategories&post=1657"},{"taxonomy":"post_tag","embeddable":true,"href":"https:\/\/codacons.emiliaromagna.it\/index.php?rest_route=%2Fwp%2Fv2%2Ftags&post=1657"}],"curies":[{"name":"wp","href":"https:\/\/api.w.org\/{rel}","templated":true}]}}